{"id":705,"date":"2025-02-17T16:12:30","date_gmt":"2025-02-17T15:12:30","guid":{"rendered":"https:\/\/mascancadell.cat\/?p=705"},"modified":"2025-02-17T16:12:31","modified_gmt":"2025-02-17T15:12:31","slug":"estem-de-llancament-la-nova-pagina-web-de-mas-can-cadell","status":"publish","type":"post","link":"https:\/\/mascancadell.cat\/ang\/estem-de-llancament-la-nova-pagina-web-de-mas-can-cadell\/","title":{"rendered":"We are launching: The new Mas Can Cadell website"},"content":{"rendered":"<p>At Mas Can Cadell, we are very excited to present our new website! We have completely renewed the design to offer you an easier and more intuitive navigation experience. Now you can discover more clearly who we are, what we do and how our regenerative agriculture project transforms the land of the farm into a healthy and sustainable space.<\/p>","protected":false},"excerpt":{"rendered":"<p>At Mas Can Cadell, we are very excited to present our new website! We have completely renewed the design to offer you a more user-friendly browsing experience.<span class=\"excerpt-hellip\"> [\u2026]<\/span><\/p>","protected":false},"author":1,"featured_media":256,"comment_status":"open","ping_status":"open","sticky":false,"template":"","format":"standard","meta":{"footnotes":""},"categories":[1],"tags":[],"class_list":["post-705","post","type-post","status-publish","format-standard","has-post-thumbnail","hentry","category-sin-categoria"],"yoast_head":"<!-- This site is optimized with the Yoast SEO plugin v24.4 - https:\/\/yoast.com\/wordpress\/plugins\/seo\/ -->\n<title>Estem de llan\u00e7ament: La nova p\u00e0gina web de Mas Can Cadell - Mas Cancadell<\/title>\n<meta name=\"robots\" content=\"noindex, follow, max-snippet:-1, max-image-preview:large, max-video-preview:-1\" \/>\n<meta property=\"og:locale\" content=\"en_GB\" \/>\n<meta property=\"og:type\" content=\"article\" \/>\n<meta property=\"og:title\" content=\"Estem de llan\u00e7ament: La nova p\u00e0gina web de Mas Can Cadell - Mas Cancadell\" \/>\n<meta property=\"og:description\" content=\"A Mas Can Cadell, estem molt emocionats de presentar-vos la nostra nova p\u00e0gina web! Hem renovat completament el disseny per oferir-vos una experi\u00e8ncia de navegaci\u00f3 m\u00e9s [\u2026]\" \/>\n<meta property=\"og:url\" content=\"https:\/\/mascancadell.cat\/ang\/estem-de-llancament-la-nova-pagina-web-de-mas-can-cadell\/\" \/>\n<meta property=\"og:site_name\" content=\"Mas Cancadell\" \/>\n<meta property=\"article:published_time\" content=\"2025-02-17T15:12:30+00:00\" \/>\n<meta property=\"article:modified_time\" content=\"2025-02-17T15:12:31+00:00\" \/>\n<meta property=\"og:image\" content=\"https:\/\/mascancadell.cat\/wp-content\/uploads\/2025\/02\/2-1.jpg\" \/>\n\t<meta property=\"og:image:width\" content=\"1920\" \/>\n\t<meta property=\"og:image:height\" content=\"1080\" \/>\n\t<meta property=\"og:image:type\" content=\"image\/jpeg\" \/>\n<meta name=\"author\" content=\"panterwebs\" \/>\n<meta name=\"twitter:card\" content=\"summary_large_image\" \/>\n<meta name=\"twitter:label1\" content=\"Written by\" \/>\n\t<meta name=\"twitter:data1\" content=\"panterwebs\" \/>\n\t<meta name=\"twitter:label2\" content=\"Estimated reading time\" \/>\n\t<meta name=\"twitter:data2\" content=\"1 minute\" \/>\n<script type=\"application\/ld+json\" class=\"yoast-schema-graph\">{\"@context\":\"https:\/\/schema.org\",\"@graph\":[{\"@type\":\"WebPage\",\"@id\":\"https:\/\/mascancadell.cat\/estem-de-llancament-la-nova-pagina-web-de-mas-can-cadell\/\",\"url\":\"https:\/\/mascancadell.cat\/estem-de-llancament-la-nova-pagina-web-de-mas-can-cadell\/\",\"name\":\"Estem de llan\u00e7ament: La nova p\u00e0gina web de Mas Can Cadell - Mas Cancadell\",\"isPartOf\":{\"@id\":\"https:\/\/mascancadell.cat\/#website\"},\"primaryImageOfPage\":{\"@id\":\"https:\/\/mascancadell.cat\/estem-de-llancament-la-nova-pagina-web-de-mas-can-cadell\/#primaryimage\"},\"image\":{\"@id\":\"https:\/\/mascancadell.cat\/estem-de-llancament-la-nova-pagina-web-de-mas-can-cadell\/#primaryimage\"},\"thumbnailUrl\":\"https:\/\/mascancadell.cat\/wp-content\/uploads\/2025\/02\/2-1.jpg\",\"datePublished\":\"2025-02-17T15:12:30+00:00\",\"dateModified\":\"2025-02-17T15:12:31+00:00\",\"author\":{\"@id\":\"https:\/\/mascancadell.cat\/#\/schema\/person\/ddadbe872bc6812a4d123b920a9af7d0\"},\"breadcrumb\":{\"@id\":\"https:\/\/mascancadell.cat\/estem-de-llancament-la-nova-pagina-web-de-mas-can-cadell\/#breadcrumb\"},\"inLanguage\":\"en-GB\",\"potentialAction\":[{\"@type\":\"ReadAction\",\"target\":[\"https:\/\/mascancadell.cat\/estem-de-llancament-la-nova-pagina-web-de-mas-can-cadell\/\"]}]},{\"@type\":\"ImageObject\",\"inLanguage\":\"en-GB\",\"@id\":\"https:\/\/mascancadell.cat\/estem-de-llancament-la-nova-pagina-web-de-mas-can-cadell\/#primaryimage\",\"url\":\"https:\/\/mascancadell.cat\/wp-content\/uploads\/2025\/02\/2-1.jpg\",\"contentUrl\":\"https:\/\/mascancadell.cat\/wp-content\/uploads\/2025\/02\/2-1.jpg\",\"width\":1920,\"height\":1080},{\"@type\":\"BreadcrumbList\",\"@id\":\"https:\/\/mascancadell.cat\/estem-de-llancament-la-nova-pagina-web-de-mas-can-cadell\/#breadcrumb\",\"itemListElement\":[{\"@type\":\"ListItem\",\"position\":1,\"name\":\"Portada\",\"item\":\"https:\/\/mascancadell.cat\/\"},{\"@type\":\"ListItem\",\"position\":2,\"name\":\"Estem de llan\u00e7ament: La nova p\u00e0gina web de Mas Can Cadell\"}]},{\"@type\":\"WebSite\",\"@id\":\"https:\/\/mascancadell.cat\/#website\",\"url\":\"https:\/\/mascancadell.cat\/\",\"name\":\"Mas Cancadell\",\"description\":\"\",\"potentialAction\":[{\"@type\":\"SearchAction\",\"target\":{\"@type\":\"EntryPoint\",\"urlTemplate\":\"https:\/\/mascancadell.cat\/?s={search_term_string}\"},\"query-input\":{\"@type\":\"PropertyValueSpecification\",\"valueRequired\":true,\"valueName\":\"search_term_string\"}}],\"inLanguage\":\"en-GB\"},{\"@type\":\"Person\",\"@id\":\"https:\/\/mascancadell.cat\/#\/schema\/person\/ddadbe872bc6812a4d123b920a9af7d0\",\"name\":\"panterwebs\",\"image\":{\"@type\":\"ImageObject\",\"inLanguage\":\"en-GB\",\"@id\":\"https:\/\/mascancadell.cat\/#\/schema\/person\/image\/\",\"url\":\"https:\/\/secure.gravatar.com\/avatar\/66945ddd1923205aeb291848617d4867453dffbed19cd632c8619d8fc187f831?s=96&d=mm&r=g\",\"contentUrl\":\"https:\/\/secure.gravatar.com\/avatar\/66945ddd1923205aeb291848617d4867453dffbed19cd632c8619d8fc187f831?s=96&d=mm&r=g\",\"caption\":\"panterwebs\"},\"sameAs\":[\"https:\/\/mascancadell.cat\"],\"url\":\"https:\/\/mascancadell.cat\/ang\/author\/websttmakers\/\"}]}<\/script>\n<!-- \/ Yoast SEO plugin. -->","yoast_head_json":{"title":"Estem de llan\u00e7ament: La nova p\u00e0gina web de Mas Can Cadell - Mas Cancadell","robots":{"index":"noindex","follow":"follow","max-snippet":"max-snippet:-1","max-image-preview":"max-image-preview:large","max-video-preview":"max-video-preview:-1"},"og_locale":"en_GB","og_type":"article","og_title":"Estem de llan\u00e7ament: La nova p\u00e0gina web de Mas Can Cadell - Mas Cancadell","og_description":"A Mas Can Cadell, estem molt emocionats de presentar-vos la nostra nova p\u00e0gina web! Hem renovat completament el disseny per oferir-vos una experi\u00e8ncia de navegaci\u00f3 m\u00e9s [\u2026]","og_url":"https:\/\/mascancadell.cat\/ang\/estem-de-llancament-la-nova-pagina-web-de-mas-can-cadell\/","og_site_name":"Mas Cancadell","article_published_time":"2025-02-17T15:12:30+00:00","article_modified_time":"2025-02-17T15:12:31+00:00","og_image":[{"width":1920,"height":1080,"url":"https:\/\/mascancadell.cat\/wp-content\/uploads\/2025\/02\/2-1.jpg","type":"image\/jpeg"}],"author":"panterwebs","twitter_card":"summary_large_image","twitter_misc":{"Written by":"panterwebs","Estimated reading time":"1 minute"},"schema":{"@context":"https:\/\/schema.org","@graph":[{"@type":"WebPage","@id":"https:\/\/mascancadell.cat\/estem-de-llancament-la-nova-pagina-web-de-mas-can-cadell\/","url":"https:\/\/mascancadell.cat\/estem-de-llancament-la-nova-pagina-web-de-mas-can-cadell\/","name":"Estem de llan\u00e7ament: La nova p\u00e0gina web de Mas Can Cadell - Mas Cancadell","isPartOf":{"@id":"https:\/\/mascancadell.cat\/#website"},"primaryImageOfPage":{"@id":"https:\/\/mascancadell.cat\/estem-de-llancament-la-nova-pagina-web-de-mas-can-cadell\/#primaryimage"},"image":{"@id":"https:\/\/mascancadell.cat\/estem-de-llancament-la-nova-pagina-web-de-mas-can-cadell\/#primaryimage"},"thumbnailUrl":"https:\/\/mascancadell.cat\/wp-content\/uploads\/2025\/02\/2-1.jpg","datePublished":"2025-02-17T15:12:30+00:00","dateModified":"2025-02-17T15:12:31+00:00","author":{"@id":"https:\/\/mascancadell.cat\/#\/schema\/person\/ddadbe872bc6812a4d123b920a9af7d0"},"breadcrumb":{"@id":"https:\/\/mascancadell.cat\/estem-de-llancament-la-nova-pagina-web-de-mas-can-cadell\/#breadcrumb"},"inLanguage":"en-GB","potentialAction":[{"@type":"ReadAction","target":["https:\/\/mascancadell.cat\/estem-de-llancament-la-nova-pagina-web-de-mas-can-cadell\/"]}]},{"@type":"ImageObject","inLanguage":"en-GB","@id":"https:\/\/mascancadell.cat\/estem-de-llancament-la-nova-pagina-web-de-mas-can-cadell\/#primaryimage","url":"https:\/\/mascancadell.cat\/wp-content\/uploads\/2025\/02\/2-1.jpg","contentUrl":"https:\/\/mascancadell.cat\/wp-content\/uploads\/2025\/02\/2-1.jpg","width":1920,"height":1080},{"@type":"BreadcrumbList","@id":"https:\/\/mascancadell.cat\/estem-de-llancament-la-nova-pagina-web-de-mas-can-cadell\/#breadcrumb","itemListElement":[{"@type":"ListItem","position":1,"name":"Portada","item":"https:\/\/mascancadell.cat\/"},{"@type":"ListItem","position":2,"name":"Estem de llan\u00e7ament: La nova p\u00e0gina web de Mas Can Cadell"}]},{"@type":"WebSite","@id":"https:\/\/mascancadell.cat\/#website","url":"https:\/\/mascancadell.cat\/","name":"Mas Cancadell","description":"","potentialAction":[{"@type":"SearchAction","target":{"@type":"EntryPoint","urlTemplate":"https:\/\/mascancadell.cat\/?s={search_term_string}"},"query-input":{"@type":"PropertyValueSpecification","valueRequired":true,"valueName":"search_term_string"}}],"inLanguage":"en-GB"},{"@type":"Person","@id":"https:\/\/mascancadell.cat\/#\/schema\/person\/ddadbe872bc6812a4d123b920a9af7d0","name":"panterwebs","image":{"@type":"ImageObject","inLanguage":"en-GB","@id":"https:\/\/mascancadell.cat\/#\/schema\/person\/image\/","url":"https:\/\/secure.gravatar.com\/avatar\/66945ddd1923205aeb291848617d4867453dffbed19cd632c8619d8fc187f831?s=96&d=mm&r=g","contentUrl":"https:\/\/secure.gravatar.com\/avatar\/66945ddd1923205aeb291848617d4867453dffbed19cd632c8619d8fc187f831?s=96&d=mm&r=g","caption":"panterwebs"},"sameAs":["https:\/\/mascancadell.cat"],"url":"https:\/\/mascancadell.cat\/ang\/author\/websttmakers\/"}]}},"_links":{"self":[{"href":"https:\/\/mascancadell.cat\/ang\/wp-json\/wp\/v2\/posts\/705","targetHints":{"allow":["GET"]}}],"collection":[{"href":"https:\/\/mascancadell.cat\/ang\/wp-json\/wp\/v2\/posts"}],"about":[{"href":"https:\/\/mascancadell.cat\/ang\/wp-json\/wp\/v2\/types\/post"}],"author":[{"embeddable":true,"href":"https:\/\/mascancadell.cat\/ang\/wp-json\/wp\/v2\/users\/1"}],"replies":[{"embeddable":true,"href":"https:\/\/mascancadell.cat\/ang\/wp-json\/wp\/v2\/comments?post=705"}],"version-history":[{"count":1,"href":"https:\/\/mascancadell.cat\/ang\/wp-json\/wp\/v2\/posts\/705\/revisions"}],"predecessor-version":[{"id":706,"href":"https:\/\/mascancadell.cat\/ang\/wp-json\/wp\/v2\/posts\/705\/revisions\/706"}],"wp:featuredmedia":[{"embeddable":true,"href":"https:\/\/mascancadell.cat\/ang\/wp-json\/wp\/v2\/media\/256"}],"wp:attachment":[{"href":"https:\/\/mascancadell.cat\/ang\/wp-json\/wp\/v2\/media?parent=705"}],"wp:term":[{"taxonomy":"category","embeddable":true,"href":"https:\/\/mascancadell.cat\/ang\/wp-json\/wp\/v2\/categories?post=705"},{"taxonomy":"post_tag","embeddable":true,"href":"https:\/\/mascancadell.cat\/ang\/wp-json\/wp\/v2\/tags?post=705"}],"curies":[{"name":"wp","href":"https:\/\/api.w.org\/{rel}","templated":true}]}}